{"id":2734,"date":"2025-05-10T06:13:56","date_gmt":"2025-05-10T05:13:56","guid":{"rendered":"https:\/\/www.grupohipnosiscopcv.es\/wordpress\/?p=2734"},"modified":"2025-05-10T06:18:10","modified_gmt":"2025-05-10T05:18:10","slug":"episodio-especial-tu-consulta-de-salud-con-el-dr-antonio-capafons","status":"publish","type":"post","link":"https:\/\/www.grupohipnosiscopcv.es\/wordpress\/episodio-especial-tu-consulta-de-salud-con-el-dr-antonio-capafons\/","title":{"rendered":"Episodio Especial \u00abTu Consulta de Salud\u00bb con Antonio Capafons"},"content":{"rendered":"<p><span class=\"OYPEnA font-feature-liga-off font-feature-clig-off font-feature-calt-off text-decoration-none text-strikethrough-none\">El pasado 3 de abril, la psic\u00f3loga Ver\u00f3nica Valderrama entrevist\u00f3 a nuestro compa\u00f1ero<\/span><span class=\"OYPEnA font-feature-liga-off font-feature-clig-off font-feature-calt-off text-decoration-none text-strikethrough-none\"> Antonio Capafons<\/span><span class=\"OYPEnA font-feature-liga-off font-feature-clig-off font-feature-calt-off text-decoration-none text-strikethrough-none\">, en un episodio especial del programa \u201cTu Consulta de Salud\u201d, de <\/span><span class=\"OYPEnA font-feature-liga-off font-feature-clig-off font-feature-calt-off text-decoration-none text-strikethrough-none\">Almer\u00eda TV<\/span><span class=\"OYPEnA font-feature-liga-off font-feature-clig-off font-feature-calt-off text-decoration-none text-strikethrough-none\">. En ella hablaron sobre qu\u00e9 es la hipnosis (y qu\u00e9 no es), sus mitos y realidades, para qu\u00e9 sirve en terapias cl\u00ednicas, y su evidencia cient\u00edfica. En el siguiente enlace pueden acceder a la <\/span><span class=\"OYPEnA font-feature-liga-off font-feature-clig-off font-feature-calt-off text-decoration-none text-strikethrough-none\">entrevista<\/span><span class=\"OYPEnA font-feature-liga-off font-feature-clig-off font-feature-calt-off text-decoration-none text-strikethrough-none\">:<\/span><\/p>\n<p><a href=\"https:\/\/youtu.be\/x6zXU9CBFAQ\">Antonio Capafons: La verdad sobre la hipnosis | Tu Consulta de Salud &#8211; Almer\u00eda TV<\/a><\/p>\n","protected":false},"excerpt":{"rendered":"<p>El pasado 3 de abril, la psic\u00f3loga Ver\u00f3nica Valderrama entrevist\u00f3 a nuestro compa\u00f1ero Antonio Capafons, en un episodio especial del programa \u201cTu Consulta de Salud\u201d, de Almer\u00eda TV. En ella hablaron sobre qu\u00e9 es la hipnosis (y qu\u00e9 no es), sus mitos y realidades, para qu\u00e9 sirve en terapias cl\u00ednicas, y su evidencia cient\u00edfica. En &hellip;<\/p>\n","protected":false},"author":20,"featured_media":0,"comment_status":"closed","ping_status":"open","sticky":false,"template":"","format":"standard","meta":{"footnotes":""},"categories":[123,138],"tags":[],"class_list":["post-2734","post","type-post","status-publish","format-standard","hentry","category-actividad","category-prensa"],"jetpack_featured_media_url":"","_links":{"self":[{"href":"https:\/\/www.grupohipnosiscopcv.es\/wordpress\/wp-json\/wp\/v2\/posts\/2734","targetHints":{"allow":["GET"]}}],"collection":[{"href":"https:\/\/www.grupohipnosiscopcv.es\/wordpress\/wp-json\/wp\/v2\/posts"}],"about":[{"href":"https:\/\/www.grupohipnosiscopcv.es\/wordpress\/wp-json\/wp\/v2\/types\/post"}],"author":[{"embeddable":true,"href":"https:\/\/www.grupohipnosiscopcv.es\/wordpress\/wp-json\/wp\/v2\/users\/20"}],"replies":[{"embeddable":true,"href":"https:\/\/www.grupohipnosiscopcv.es\/wordpress\/wp-json\/wp\/v2\/comments?post=2734"}],"version-history":[{"count":2,"href":"https:\/\/www.grupohipnosiscopcv.es\/wordpress\/wp-json\/wp\/v2\/posts\/2734\/revisions"}],"predecessor-version":[{"id":2739,"href":"https:\/\/www.grupohipnosiscopcv.es\/wordpress\/wp-json\/wp\/v2\/posts\/2734\/revisions\/2739"}],"wp:attachment":[{"href":"https:\/\/www.grupohipnosiscopcv.es\/wordpress\/wp-json\/wp\/v2\/media?parent=2734"}],"wp:term":[{"taxonomy":"category","embeddable":true,"href":"https:\/\/www.grupohipnosiscopcv.es\/wordpress\/wp-json\/wp\/v2\/categories?post=2734"},{"taxonomy":"post_tag","embeddable":true,"href":"https:\/\/www.grupohipnosiscopcv.es\/wordpress\/wp-json\/wp\/v2\/tags?post=2734"}],"curies":[{"name":"wp","href":"https:\/\/api.w.org\/{rel}","templated":true}]}}