{"id":2591,"date":"2019-05-18T19:42:39","date_gmt":"2019-05-18T18:42:39","guid":{"rendered":"http:\/\/www.grupohipnosiscopcv.es\/wordpress\/?p=2591"},"modified":"2019-05-18T19:42:39","modified_gmt":"2019-05-18T18:42:39","slug":"entrevista-a-alfonso-pico-en-canal-extremadura","status":"publish","type":"post","link":"https:\/\/www.grupohipnosiscopcv.es\/wordpress\/entrevista-a-alfonso-pico-en-canal-extremadura\/","title":{"rendered":"Entrevista a Alfonso Pic\u00f3 en Canal Extremadura"},"content":{"rendered":"<p>Nuestro compa\u00f1ero del Grupo de Trabajo de Hipnosis Psicol\u00f3gica del COP-CV fue entrevistado el pasado viernes 17 de mayo en el programa de radio <a href=\"http:\/\/www.canalextremadura.es\/radio\/cultura\/las-perras-de-pavlov\" target=\"_blank\" rel=\"noopener noreferrer\">Las Perras de Pavlov<\/a> de<a href=\"http:\/\/www.canalextremadura.es\/\" target=\"_blank\" rel=\"noopener noreferrer\"> Canal Extremadura.<\/a> En \u00e9l hablaron sobre hipnosis y los mitos que la envuelven de una forma did\u00e1ctica y divertida. Recomendamos que lo escuchen y lo compartan..<\/p>\n<p>Puede escuchar el audio aqu\u00ed:<\/p>\n<!--[if lt IE 9]><script>document.createElement('audio');<\/script><![endif]-->\n<audio class=\"wp-audio-shortcode\" id=\"audio-2591-1\" preload=\"none\" style=\"width: 100%;\" controls=\"controls\"><source type=\"audio\/mpeg\" src=\"http:\/\/www.grupohipnosiscopcv.es\/wordpress\/wp-content\/uploads\/2019\/05\/2019-05-17-LASPERRASDEPAVLOVOK.mp3?_=1\" \/><a href=\"http:\/\/www.grupohipnosiscopcv.es\/wordpress\/wp-content\/uploads\/2019\/05\/2019-05-17-LASPERRASDEPAVLOVOK.mp3\">http:\/\/www.grupohipnosiscopcv.es\/wordpress\/wp-content\/uploads\/2019\/05\/2019-05-17-LASPERRASDEPAVLOVOK.mp3<\/a><\/audio>\n<p>El archivo original est\u00e1 disponible en este enlace: <a href=\"http:\/\/www.canalextremadura.es\/alacarta\/radio\/audios\/las-perras-de-pavlov-170519\" target=\"_blank\" rel=\"noopener noreferrer\">http:\/\/www.canalextremadura.es\/alacarta\/radio\/audios\/las-perras-de-pavlov-170519<\/a><\/p>\n","protected":false},"excerpt":{"rendered":"<p>Nuestro compa\u00f1ero del Grupo de Trabajo de Hipnosis Psicol\u00f3gica del COP-CV fue entrevistado el pasado viernes 17 de mayo en el programa de radio Las Perras de Pavlov de Canal Extremadura. En \u00e9l hablaron sobre hipnosis y los mitos que la envuelven de una forma did\u00e1ctica y divertida. Recomendamos que lo escuchen y lo compartan.. &hellip;<\/p>\n","protected":false},"author":10,"featured_media":2593,"comment_status":"closed","ping_status":"open","sticky":false,"template":"","format":"standard","meta":{"footnotes":""},"categories":[123,125,4,138],"tags":[7,220],"class_list":["post-2591","post","type-post","status-publish","format-standard","has-post-thumbnail","hentry","category-actividad","category-multimedia","category-informacion-para-usuarios","category-prensa","tag-mitos","tag-radio"],"jetpack_featured_media_url":"https:\/\/www.grupohipnosiscopcv.es\/wordpress\/wp-content\/uploads\/2019\/05\/perras03.jpg","_links":{"self":[{"href":"https:\/\/www.grupohipnosiscopcv.es\/wordpress\/wp-json\/wp\/v2\/posts\/2591","targetHints":{"allow":["GET"]}}],"collection":[{"href":"https:\/\/www.grupohipnosiscopcv.es\/wordpress\/wp-json\/wp\/v2\/posts"}],"about":[{"href":"https:\/\/www.grupohipnosiscopcv.es\/wordpress\/wp-json\/wp\/v2\/types\/post"}],"author":[{"embeddable":true,"href":"https:\/\/www.grupohipnosiscopcv.es\/wordpress\/wp-json\/wp\/v2\/users\/10"}],"replies":[{"embeddable":true,"href":"https:\/\/www.grupohipnosiscopcv.es\/wordpress\/wp-json\/wp\/v2\/comments?post=2591"}],"version-history":[{"count":1,"href":"https:\/\/www.grupohipnosiscopcv.es\/wordpress\/wp-json\/wp\/v2\/posts\/2591\/revisions"}],"predecessor-version":[{"id":2594,"href":"https:\/\/www.grupohipnosiscopcv.es\/wordpress\/wp-json\/wp\/v2\/posts\/2591\/revisions\/2594"}],"wp:featuredmedia":[{"embeddable":true,"href":"https:\/\/www.grupohipnosiscopcv.es\/wordpress\/wp-json\/wp\/v2\/media\/2593"}],"wp:attachment":[{"href":"https:\/\/www.grupohipnosiscopcv.es\/wordpress\/wp-json\/wp\/v2\/media?parent=2591"}],"wp:term":[{"taxonomy":"category","embeddable":true,"href":"https:\/\/www.grupohipnosiscopcv.es\/wordpress\/wp-json\/wp\/v2\/categories?post=2591"},{"taxonomy":"post_tag","embeddable":true,"href":"https:\/\/www.grupohipnosiscopcv.es\/wordpress\/wp-json\/wp\/v2\/tags?post=2591"}],"curies":[{"name":"wp","href":"https:\/\/api.w.org\/{rel}","templated":true}]}}