{"id":2505,"date":"2017-09-29T05:31:59","date_gmt":"2017-09-29T04:31:59","guid":{"rendered":"http:\/\/www.grupohipnosiscopcv.es\/wordpress\/?p=2505"},"modified":"2017-10-23T20:16:15","modified_gmt":"2017-10-23T19:16:15","slug":"comunicado-del-gthp-copcv-sobre-la-pelicula-abracadabra","status":"publish","type":"post","link":"https:\/\/www.grupohipnosiscopcv.es\/wordpress\/comunicado-del-gthp-copcv-sobre-la-pelicula-abracadabra\/","title":{"rendered":"COMUNICADO DEL GTHP COPCV SOBRE LA PEL\u00cdCULA \u00abABRACADABRA\u00bb"},"content":{"rendered":"<p style=\"text-align: left;\">EL GRUPO DE TRABAJO DE HIPNOSIS PSICOL\u00d3GICA del Col\u00b7legi Oficial de Psic\u00f2legs de la Comunitat Valenciana expresa\u00a0su opini\u00f3n sobre un posible caso de fomento de mitos y falsas creencias sobre la hipnosis a trav\u00e9s de la pel\u00edcula:<\/p>\n<p style=\"text-align: center;\"><strong>ABRACADABRA<\/strong><br \/>\n<strong>2017<\/strong><br \/>\n<strong> G\u00e9nero: comedia 1h 36m<\/strong><br \/>\n<strong> Fecha de estreno inicial: 4 de agosto de 2017<\/strong><br \/>\n<strong> Director: Pablo Berger<\/strong><br \/>\n<strong> Guion: Pablo Berger<\/strong><br \/>\n<strong> Productor: J\u00e9r\u00f4me Vidal<\/strong><br \/>\n<strong> Cinematograf\u00eda: Kiko de la Rica<\/strong><br \/>\n<strong> Estudios: Arcadia Motion Pictures, Atresmedia Cine<\/strong><br \/>\n<strong> Distribuidora: Sony Pictures Releasing<\/strong><\/p>\n<p style=\"text-align: left;\">Con este comunicado se insta a quienes realicen este tipo pel\u00edculas, se informen adecuadamente acerca de la hipnosis, preguntando a los expertos en hipnosis cient\u00edfica, como por lo visto hizo el director Alejandro Amen\u00e1bar con su pel\u00edcula <a href=\"http:\/\/www.aahea.net\/regresion-un-ejercicio-de-sinceridad-sin-artificios\/\">REGRESI\u00d3N<\/a>.<br \/>\nSe pide a los productores de pel\u00edculas relacionadas o que mencionen a la hipnosis, que se alejen de este tipo de expresi\u00f3n de la hipnosis, y en todo caso, indiquen claramente que es pura ficci\u00f3n todo lo indicado sobre la hipnosis.<\/p>\n<p style=\"text-align: left;\">Este comunicado cuenta con las adhesiones de diferentes entidades, entre las que est\u00e1 la Asociaci\u00f3n para el Avance de la Hipnosis Experimental y Aplicada (<a href=\"http:\/\/www.aahea.net\/\">AAHEA<\/a>), y personas.<\/p>\n<p>Puede descargarlo pulsando en el siguiente enlace:<\/p>\n<p>(16\/10\/2017) Actualizado con nuevas adhesiones:<\/p>\n<p><a href=\"http:\/\/www.grupohipnosiscopcv.es\/wordpress\/comunicado-abracadabara-gthp-copcv-2\/\">COMUNICADO ABRACADABARA GTHP COPCV \u00a0<\/a><\/p>\n<p>&nbsp;<\/p>\n<p>&nbsp;<\/p>\n","protected":false},"excerpt":{"rendered":"<p>EL GRUPO DE TRABAJO DE HIPNOSIS PSICOL\u00d3GICA del Col\u00b7legi Oficial de Psic\u00f2legs de la Comunitat Valenciana expresa\u00a0su opini\u00f3n sobre un posible caso de fomento de mitos y falsas creencias sobre la hipnosis a trav\u00e9s de la pel\u00edcula: ABRACADABRA 2017 G\u00e9nero: comedia 1h 36m Fecha de estreno inicial: 4 de agosto de 2017 Director: Pablo Berger &hellip;<\/p>\n","protected":false},"author":20,"featured_media":0,"comment_status":"closed","ping_status":"open","sticky":false,"template":"","format":"standard","meta":{"footnotes":""},"categories":[123,3,10],"tags":[],"class_list":["post-2505","post","type-post","status-publish","format-standard","hentry","category-actividad","category-formacion","category-noticias"],"jetpack_featured_media_url":"","_links":{"self":[{"href":"https:\/\/www.grupohipnosiscopcv.es\/wordpress\/wp-json\/wp\/v2\/posts\/2505","targetHints":{"allow":["GET"]}}],"collection":[{"href":"https:\/\/www.grupohipnosiscopcv.es\/wordpress\/wp-json\/wp\/v2\/posts"}],"about":[{"href":"https:\/\/www.grupohipnosiscopcv.es\/wordpress\/wp-json\/wp\/v2\/types\/post"}],"author":[{"embeddable":true,"href":"https:\/\/www.grupohipnosiscopcv.es\/wordpress\/wp-json\/wp\/v2\/users\/20"}],"replies":[{"embeddable":true,"href":"https:\/\/www.grupohipnosiscopcv.es\/wordpress\/wp-json\/wp\/v2\/comments?post=2505"}],"version-history":[{"count":31,"href":"https:\/\/www.grupohipnosiscopcv.es\/wordpress\/wp-json\/wp\/v2\/posts\/2505\/revisions"}],"predecessor-version":[{"id":2548,"href":"https:\/\/www.grupohipnosiscopcv.es\/wordpress\/wp-json\/wp\/v2\/posts\/2505\/revisions\/2548"}],"wp:attachment":[{"href":"https:\/\/www.grupohipnosiscopcv.es\/wordpress\/wp-json\/wp\/v2\/media?parent=2505"}],"wp:term":[{"taxonomy":"category","embeddable":true,"href":"https:\/\/www.grupohipnosiscopcv.es\/wordpress\/wp-json\/wp\/v2\/categories?post=2505"},{"taxonomy":"post_tag","embeddable":true,"href":"https:\/\/www.grupohipnosiscopcv.es\/wordpress\/wp-json\/wp\/v2\/tags?post=2505"}],"curies":[{"name":"wp","href":"https:\/\/api.w.org\/{rel}","templated":true}]}}